{"id":6659,"date":"2011-06-20T09:48:13","date_gmt":"2011-06-20T09:48:13","guid":{"rendered":"http:\/\/aem.ro\/de\/?p=6659"},"modified":"2016-02-05T09:28:33","modified_gmt":"2016-02-05T09:28:33","slug":"eficienta-energetica-rumaenien-sibiu","status":"publish","type":"post","link":"https:\/\/www.aem.ro\/de\/2011\/06\/20\/eficienta-energetica-rumaenien-sibiu\/","title":{"rendered":"Eficien\u021b\u0103 Energetic\u0103, Rum\u00e4nien, Sibiu"},"content":{"rendered":"<div class=\"photo\">\u00a0<span class=\"text_text\">AEM SA hat an der nationalen Messe &#8220;Eficien\u021b\u0103 Energetic\u0103 2011&#8221; aus Rum\u00e4nien, Sibiu im Monat Mai teilgenommen.<\/span><\/div>\n","protected":false},"excerpt":{"rendered":"<p>\u00a0AEM SA hat an der nationalen Messe &#8220;Eficien\u021b\u0103 Energetic\u0103 2011&#8221; aus Rum\u00e4nien, Sibiu im Monat Mai teilgenommen.<\/p>\n","protected":false},"author":1,"featured_media":5478,"comment_status":"open","ping_status":"open","sticky":false,"template":"","format":"standard","meta":[],"categories":[54],"tags":[],"_links":{"self":[{"href":"https:\/\/www.aem.ro\/de\/wp-json\/wp\/v2\/posts\/6659"}],"collection":[{"href":"https:\/\/www.aem.ro\/de\/wp-json\/wp\/v2\/posts"}],"about":[{"href":"https:\/\/www.aem.ro\/de\/wp-json\/wp\/v2\/types\/post"}],"author":[{"embeddable":true,"href":"https:\/\/www.aem.ro\/de\/wp-json\/wp\/v2\/users\/1"}],"replies":[{"embeddable":true,"href":"https:\/\/www.aem.ro\/de\/wp-json\/wp\/v2\/comments?post=6659"}],"version-history":[{"count":1,"href":"https:\/\/www.aem.ro\/de\/wp-json\/wp\/v2\/posts\/6659\/revisions"}],"predecessor-version":[{"id":6662,"href":"https:\/\/www.aem.ro\/de\/wp-json\/wp\/v2\/posts\/6659\/revisions\/6662"}],"wp:featuredmedia":[{"embeddable":true,"href":"https:\/\/www.aem.ro\/de\/wp-json\/wp\/v2\/media\/5478"}],"wp:attachment":[{"href":"https:\/\/www.aem.ro\/de\/wp-json\/wp\/v2\/media?parent=6659"}],"wp:term":[{"taxonomy":"category","embeddable":true,"href":"https:\/\/www.aem.ro\/de\/wp-json\/wp\/v2\/categories?post=6659"},{"taxonomy":"post_tag","embeddable":true,"href":"https:\/\/www.aem.ro\/de\/wp-json\/wp\/v2\/tags?post=6659"}],"curies":[{"name":"wp","href":"https:\/\/api.w.org\/{rel}","templated":true}]}}