{"id":6653,"date":"2011-06-20T09:44:55","date_gmt":"2011-06-20T09:44:55","guid":{"rendered":"http:\/\/aem.ro\/en\/?p=6653"},"modified":"2016-02-05T07:29:26","modified_gmt":"2016-02-05T07:29:26","slug":"eficienta-energetica-romania-sibiu","status":"publish","type":"post","link":"https:\/\/www.aem.ro\/en\/2011\/06\/20\/eficienta-energetica-romania-sibiu\/","title":{"rendered":"Eficien\u021b\u0103 Energetic\u0103, Rom\u00e2nia, Sibiu"},"content":{"rendered":"<div class=\"photo\">\u00a0<span class=\"text_text\">AEM SA participated at the national fair &#8220;Eficien\u021b\u0103 Energetic\u0103 2011&#8221; held in Romania, Sibiu in May.<\/span><\/div>\n","protected":false},"excerpt":{"rendered":"<p>\u00a0AEM SA participated at the national fair &#8220;Eficien\u021b\u0103 Energetic\u0103 2011&#8221; held in Romania, Sibiu in May.<\/p>\n","protected":false},"author":1,"featured_media":5478,"comment_status":"open","ping_status":"open","sticky":false,"template":"","format":"standard","meta":[],"categories":[52],"tags":[],"_links":{"self":[{"href":"https:\/\/www.aem.ro\/en\/wp-json\/wp\/v2\/posts\/6653"}],"collection":[{"href":"https:\/\/www.aem.ro\/en\/wp-json\/wp\/v2\/posts"}],"about":[{"href":"https:\/\/www.aem.ro\/en\/wp-json\/wp\/v2\/types\/post"}],"author":[{"embeddable":true,"href":"https:\/\/www.aem.ro\/en\/wp-json\/wp\/v2\/users\/1"}],"replies":[{"embeddable":true,"href":"https:\/\/www.aem.ro\/en\/wp-json\/wp\/v2\/comments?post=6653"}],"version-history":[{"count":1,"href":"https:\/\/www.aem.ro\/en\/wp-json\/wp\/v2\/posts\/6653\/revisions"}],"predecessor-version":[{"id":6655,"href":"https:\/\/www.aem.ro\/en\/wp-json\/wp\/v2\/posts\/6653\/revisions\/6655"}],"wp:featuredmedia":[{"embeddable":true,"href":"https:\/\/www.aem.ro\/en\/wp-json\/wp\/v2\/media\/5478"}],"wp:attachment":[{"href":"https:\/\/www.aem.ro\/en\/wp-json\/wp\/v2\/media?parent=6653"}],"wp:term":[{"taxonomy":"category","embeddable":true,"href":"https:\/\/www.aem.ro\/en\/wp-json\/wp\/v2\/categories?post=6653"},{"taxonomy":"post_tag","embeddable":true,"href":"https:\/\/www.aem.ro\/en\/wp-json\/wp\/v2\/tags?post=6653"}],"curies":[{"name":"wp","href":"https:\/\/api.w.org\/{rel}","templated":true}]}}