{"id":5971,"date":"2016-02-02T10:28:28","date_gmt":"2016-02-02T10:28:28","guid":{"rendered":"http:\/\/aem.ro\/fr\/?p=5971"},"modified":"2016-02-05T09:58:52","modified_gmt":"2016-02-05T09:58:52","slug":"aem-a-la-foire-internationale-e-world-energy-water","status":"publish","type":"post","link":"https:\/\/www.aem.ro\/fr\/2016\/02\/02\/aem-a-la-foire-internationale-e-world-energy-water\/","title":{"rendered":"AEM \u00e0 la foire internationale \u00ab E-world energy &#038; water \u00bb"},"content":{"rendered":"<p>AEM a particip\u00e9 \u00e0 la foire internationale \u00ab\u00a0E-world energy &amp; water\u00a0\u00bb qui a eu lieu \u00e0 Essen, en Allemagne \u00e0 la p\u00e9riode 11-13\u00a0f\u00e9vrier, 2014.<\/p>\n","protected":false},"excerpt":{"rendered":"<p>AEM a particip\u00e9 \u00e0 la foire internationale \u00ab\u00a0E-world energy &amp; water\u00a0\u00bb qui a eu lieu \u00e0 Essen, en Allemagne \u00e0 la p\u00e9riode 11-13\u00a0f\u00e9vrier, 2014.<\/p>\n","protected":false},"author":1,"featured_media":5955,"comment_status":"open","ping_status":"open","sticky":false,"template":"","format":"standard","meta":[],"categories":[53],"tags":[],"_links":{"self":[{"href":"https:\/\/www.aem.ro\/fr\/wp-json\/wp\/v2\/posts\/5971"}],"collection":[{"href":"https:\/\/www.aem.ro\/fr\/wp-json\/wp\/v2\/posts"}],"about":[{"href":"https:\/\/www.aem.ro\/fr\/wp-json\/wp\/v2\/types\/post"}],"author":[{"embeddable":true,"href":"https:\/\/www.aem.ro\/fr\/wp-json\/wp\/v2\/users\/1"}],"replies":[{"embeddable":true,"href":"https:\/\/www.aem.ro\/fr\/wp-json\/wp\/v2\/comments?post=5971"}],"version-history":[{"count":1,"href":"https:\/\/www.aem.ro\/fr\/wp-json\/wp\/v2\/posts\/5971\/revisions"}],"predecessor-version":[{"id":5972,"href":"https:\/\/www.aem.ro\/fr\/wp-json\/wp\/v2\/posts\/5971\/revisions\/5972"}],"wp:featuredmedia":[{"embeddable":true,"href":"https:\/\/www.aem.ro\/fr\/wp-json\/wp\/v2\/media\/5955"}],"wp:attachment":[{"href":"https:\/\/www.aem.ro\/fr\/wp-json\/wp\/v2\/media?parent=5971"}],"wp:term":[{"taxonomy":"category","embeddable":true,"href":"https:\/\/www.aem.ro\/fr\/wp-json\/wp\/v2\/categories?post=5971"},{"taxonomy":"post_tag","embeddable":true,"href":"https:\/\/www.aem.ro\/fr\/wp-json\/wp\/v2\/tags?post=5971"}],"curies":[{"name":"wp","href":"https:\/\/api.w.org\/{rel}","templated":true}]}}