{"id":6663,"date":"2011-06-20T09:49:52","date_gmt":"2011-06-20T09:49:52","guid":{"rendered":"http:\/\/aem.ro\/fr\/?p=6663"},"modified":"2016-02-05T09:02:20","modified_gmt":"2016-02-05T09:02:20","slug":"eficienta-energetica-roumanie-sibiu","status":"publish","type":"post","link":"https:\/\/www.aem.ro\/fr\/2011\/06\/20\/eficienta-energetica-roumanie-sibiu\/","title":{"rendered":"Eficien\u021b\u0103 Energetic\u0103, Roumanie, Sibiu"},"content":{"rendered":"<div class=\"photo\">\n<div class=\"photo\"><\/div>\n<p><span class=\"text_text\">AEM SA a particip\u00e9 \u00e0 la foire nationale &#8220;Eficien\u021b\u0103 Energetic\u0103 2011&#8221; organis\u00e9e \u00e0 Roumanie, Sibiu en mois de Mai.<\/span><span class=\"text_text\"><br \/>\n<\/span><\/p>\n<\/div>\n","protected":false},"excerpt":{"rendered":"<p>AEM SA a particip\u00e9 \u00e0 la foire nationale &#8220;Eficien\u021b\u0103 Energetic\u0103 2011&#8221; organis\u00e9e \u00e0 Roumanie, Sibiu en mois de Mai.<\/p>\n","protected":false},"author":1,"featured_media":5478,"comment_status":"open","ping_status":"open","sticky":false,"template":"","format":"standard","meta":[],"categories":[53],"tags":[],"_links":{"self":[{"href":"https:\/\/www.aem.ro\/fr\/wp-json\/wp\/v2\/posts\/6663"}],"collection":[{"href":"https:\/\/www.aem.ro\/fr\/wp-json\/wp\/v2\/posts"}],"about":[{"href":"https:\/\/www.aem.ro\/fr\/wp-json\/wp\/v2\/types\/post"}],"author":[{"embeddable":true,"href":"https:\/\/www.aem.ro\/fr\/wp-json\/wp\/v2\/users\/1"}],"replies":[{"embeddable":true,"href":"https:\/\/www.aem.ro\/fr\/wp-json\/wp\/v2\/comments?post=6663"}],"version-history":[{"count":2,"href":"https:\/\/www.aem.ro\/fr\/wp-json\/wp\/v2\/posts\/6663\/revisions"}],"predecessor-version":[{"id":7269,"href":"https:\/\/www.aem.ro\/fr\/wp-json\/wp\/v2\/posts\/6663\/revisions\/7269"}],"wp:featuredmedia":[{"embeddable":true,"href":"https:\/\/www.aem.ro\/fr\/wp-json\/wp\/v2\/media\/5478"}],"wp:attachment":[{"href":"https:\/\/www.aem.ro\/fr\/wp-json\/wp\/v2\/media?parent=6663"}],"wp:term":[{"taxonomy":"category","embeddable":true,"href":"https:\/\/www.aem.ro\/fr\/wp-json\/wp\/v2\/categories?post=6663"},{"taxonomy":"post_tag","embeddable":true,"href":"https:\/\/www.aem.ro\/fr\/wp-json\/wp\/v2\/tags?post=6663"}],"curies":[{"name":"wp","href":"https:\/\/api.w.org\/{rel}","templated":true}]}}